{"id":1462,"date":"2018-11-27T11:20:33","date_gmt":"2018-11-27T11:20:33","guid":{"rendered":"http:\/\/radiokfor.com\/1\/?p=1462"},"modified":"2018-11-27T11:20:33","modified_gmt":"2018-11-27T11:20:33","slug":"mbahet-konference-per-ajrin-e-ndotur-dhe-planifikimin-hapsinor","status":"publish","type":"post","link":"https:\/\/radiokfor.com\/1\/mbahet-konference-per-ajrin-e-ndotur-dhe-planifikimin-hapsinor\/","title":{"rendered":"Mbahet konferenc\u00eb p\u00ebr ajrin e ndotur dhe planifikimin hapsinor"},"content":{"rendered":"<p>Ambasada Franceze n\u00eb Kosov\u00eb dhe Fondacioni i Gjelb\u00ebr i Ballkanit (BGF), k\u00ebt\u00eb t\u00eb enjte (29 n\u00ebntor) do t\u00eb mbajn\u00eb konferenc\u00eb p\u00ebr Ndotjen e Ajrit dhe Planifikimin Urban, q\u00eb do t\u00eb mbahet n\u00eb Bibliotek\u00ebn Komb\u00ebtare t\u00eb Kosov\u00ebs n\u00eb Prishtin\u00eb, nga ora 15:30.<\/p>\n<p>N\u00eb k\u00ebt\u00eb konferenc\u00eb t\u00eb nivelit t\u00eb lart\u00eb do t\u00eb mund\u00ebsohet diskutimi i sfidave politike lidhur me cil\u00ebsin\u00eb e ajrit n\u00eb Prishtin\u00eb dhe lidhjet e saj me planifikimin urban, ku ekspert\u00ebt francez\u00eb do t\u00eb shk\u00ebmbejn\u00eb me homolog\u00ebt kosovar\u00eb k\u00ebrkesat dhe politikat e lidhura me BE n\u00eb fush\u00ebn e cil\u00ebsis\u00eb s\u00eb ajrit dhe praktikat m\u00eb t\u00eb mira lidhur me Planifikimin Urban.<\/p>\n<p>P\u00ebr tu regjistruar n\u00eb k\u00ebt\u00eb konferenc\u00eb, e cila \u00ebsht\u00eb\u00a0 e hapur p\u00ebr publikun, mund t\u00eb klikoni n\u00eb vegz\u00ebn e m\u00ebposhtme:<\/p>\n<p>https:\/\/goo.gl\/Ku2Zco<\/p>\n","protected":false},"excerpt":{"rendered":"<p>Ambasada Franceze n\u00eb Kosov\u00eb dhe Fondacioni i Gjelb\u00ebr i Ballkanit (BGF), k\u00ebt\u00eb t\u00eb enjte (29 n\u00ebntor) do t\u00eb mbajn\u00eb konferenc\u00eb p\u00ebr Ndotjen e Ajrit dhe Planifikimin Urban, q\u00eb do t\u00eb mbahet n\u00eb Bibliotek\u00ebn Komb\u00ebtare t\u00eb Kosov\u00ebs n\u00eb Prishtin\u00eb, nga ora 15:30. N\u00eb k\u00ebt\u00eb konferenc\u00eb t\u00eb nivelit t\u00eb lart\u00eb do t\u00eb mund\u00ebsohet diskutimi i sfidave politike&hellip;<\/p>\n","protected":false},"author":3,"featured_media":1464,"comment_status":"closed","ping_status":"closed","sticky":false,"template":"","format":"standard","meta":{"_monsterinsights_skip_tracking":false,"_monsterinsights_sitenote_active":false,"_monsterinsights_sitenote_note":"","_monsterinsights_sitenote_category":0,"footnotes":""},"categories":[2],"tags":[],"class_list":["post-1462","post","type-post","status-publish","format-standard","has-post-thumbnail","hentry","category-news","category-2","description-off"],"_links":{"self":[{"href":"https:\/\/radiokfor.com\/1\/wp-json\/wp\/v2\/posts\/1462","targetHints":{"allow":["GET"]}}],"collection":[{"href":"https:\/\/radiokfor.com\/1\/wp-json\/wp\/v2\/posts"}],"about":[{"href":"https:\/\/radiokfor.com\/1\/wp-json\/wp\/v2\/types\/post"}],"author":[{"embeddable":true,"href":"https:\/\/radiokfor.com\/1\/wp-json\/wp\/v2\/users\/3"}],"replies":[{"embeddable":true,"href":"https:\/\/radiokfor.com\/1\/wp-json\/wp\/v2\/comments?post=1462"}],"version-history":[{"count":1,"href":"https:\/\/radiokfor.com\/1\/wp-json\/wp\/v2\/posts\/1462\/revisions"}],"predecessor-version":[{"id":1465,"href":"https:\/\/radiokfor.com\/1\/wp-json\/wp\/v2\/posts\/1462\/revisions\/1465"}],"wp:featuredmedia":[{"embeddable":true,"href":"https:\/\/radiokfor.com\/1\/wp-json\/wp\/v2\/media\/1464"}],"wp:attachment":[{"href":"https:\/\/radiokfor.com\/1\/wp-json\/wp\/v2\/media?parent=1462"}],"wp:term":[{"taxonomy":"category","embeddable":true,"href":"https:\/\/radiokfor.com\/1\/wp-json\/wp\/v2\/categories?post=1462"},{"taxonomy":"post_tag","embeddable":true,"href":"https:\/\/radiokfor.com\/1\/wp-json\/wp\/v2\/tags?post=1462"}],"curies":[{"name":"wp","href":"https:\/\/api.w.org\/{rel}","templated":true}]}}