{"id":1201,"date":"2018-11-06T09:27:14","date_gmt":"2018-11-06T09:27:14","guid":{"rendered":"http:\/\/radiokfor.com\/1\/?p=1201"},"modified":"2018-11-13T09:27:42","modified_gmt":"2018-11-13T09:27:42","slug":"vazhdon-fuqizimi-i-gruas-ne-fusha-te-ndryshme-ne-kosove","status":"publish","type":"post","link":"https:\/\/radiokfor.com\/1\/vazhdon-fuqizimi-i-gruas-ne-fusha-te-ndryshme-ne-kosove\/","title":{"rendered":"Vazhdon fuqizimi i gruas n\u00eb fusha t\u00eb ndryshme n\u00eb Kosov\u00eb"},"content":{"rendered":"<p>Porgrami \u2018Global Girl Media\u2019 me seli n\u00eb Kosov\u00eb, q\u00eb ka p\u00ebr q\u00ebllim fuqizimin e grave n\u00eb gazetari dhe bot\u00ebn mediatike ka organizuar pun\u00ebtori p\u00ebr p\u00ebrfshirjen e grave dhe vajzave n\u00eb fush\u00ebn e mardh\u00ebnieve me publikun me 13 N\u00ebntor t\u00eb k\u00ebtij viti, n\u00eb ambientet e agjensis\u00eb s\u00eb lajmeve \u2018Kosovalive\u2019, n\u00eb Prishtin\u00eb.<br \/>\nKjo pun\u00ebtori udh\u00ebhiqet nga Shenaj Shala, nd\u00ebrsa i dedikohet vajzave dhe grave n\u00eb fush\u00ebn e mediave t\u00eb cilat synojn\u00eb zhvillimin dhe p\u00ebrforcimin e aft\u00ebsive t\u00eb komunikimit efektiv, imazhit personal, t\u00eb folurit n\u00eb publik dhe krijimit t\u00eb brendingut personal p\u00ebr avancim n\u00eb karrier\u00eb.<\/p>\n<p>Po ashtu n\u00eb k\u00ebt\u00eb pun\u00ebtori pjes\u00ebmarr\u00ebset do t\u00eb ken\u00eb mund\u00ebsi t\u00eb m\u00ebsojn\u00eb si t\u00eb rrisin sigurin\u00eb dhe vet\u00ebb\u00ebsimin e tyr\u00eb, t\u00eb p\u00ebrdorin komunikimin jo-verbal, si t\u00eb prezantojn\u00eb veten dhe shkatht\u00ebsi t\u00eb tjera.<\/p>\n","protected":false},"excerpt":{"rendered":"<p>Porgrami \u2018Global Girl Media\u2019 me seli n\u00eb Kosov\u00eb, q\u00eb ka p\u00ebr q\u00ebllim fuqizimin e grave n\u00eb gazetari dhe bot\u00ebn mediatike ka organizuar pun\u00ebtori p\u00ebr p\u00ebrfshirjen e grave dhe vajzave n\u00eb fush\u00ebn e mardh\u00ebnieve me publikun me 13 N\u00ebntor t\u00eb k\u00ebtij viti, n\u00eb ambientet e agjensis\u00eb s\u00eb lajmeve \u2018Kosovalive\u2019, n\u00eb Prishtin\u00eb. Kjo pun\u00ebtori udh\u00ebhiqet nga Shenaj&hellip;<\/p>\n","protected":false},"author":3,"featured_media":0,"comment_status":"closed","ping_status":"closed","sticky":false,"template":"","format":"standard","meta":{"_monsterinsights_skip_tracking":false,"_monsterinsights_sitenote_active":false,"_monsterinsights_sitenote_note":"","_monsterinsights_sitenote_category":0,"footnotes":""},"categories":[2],"tags":[],"class_list":["post-1201","post","type-post","status-publish","format-standard","hentry","category-news","category-2","description-off"],"_links":{"self":[{"href":"https:\/\/radiokfor.com\/1\/wp-json\/wp\/v2\/posts\/1201","targetHints":{"allow":["GET"]}}],"collection":[{"href":"https:\/\/radiokfor.com\/1\/wp-json\/wp\/v2\/posts"}],"about":[{"href":"https:\/\/radiokfor.com\/1\/wp-json\/wp\/v2\/types\/post"}],"author":[{"embeddable":true,"href":"https:\/\/radiokfor.com\/1\/wp-json\/wp\/v2\/users\/3"}],"replies":[{"embeddable":true,"href":"https:\/\/radiokfor.com\/1\/wp-json\/wp\/v2\/comments?post=1201"}],"version-history":[{"count":1,"href":"https:\/\/radiokfor.com\/1\/wp-json\/wp\/v2\/posts\/1201\/revisions"}],"predecessor-version":[{"id":1203,"href":"https:\/\/radiokfor.com\/1\/wp-json\/wp\/v2\/posts\/1201\/revisions\/1203"}],"wp:attachment":[{"href":"https:\/\/radiokfor.com\/1\/wp-json\/wp\/v2\/media?parent=1201"}],"wp:term":[{"taxonomy":"category","embeddable":true,"href":"https:\/\/radiokfor.com\/1\/wp-json\/wp\/v2\/categories?post=1201"},{"taxonomy":"post_tag","embeddable":true,"href":"https:\/\/radiokfor.com\/1\/wp-json\/wp\/v2\/tags?post=1201"}],"curies":[{"name":"wp","href":"https:\/\/api.w.org\/{rel}","templated":true}]}}