{"id":1198,"date":"2018-11-06T09:26:09","date_gmt":"2018-11-06T09:26:09","guid":{"rendered":"http:\/\/radiokfor.com\/1\/?p=1198"},"modified":"2018-11-13T09:26:50","modified_gmt":"2018-11-13T09:26:50","slug":"110-vjet-nga-kongresi-i-manastirit","status":"publish","type":"post","link":"https:\/\/radiokfor.com\/1\/110-vjet-nga-kongresi-i-manastirit\/","title":{"rendered":"110 vjet nga Kongresi i Manastirit"},"content":{"rendered":"<p>Biblioteka Komb\u00ebtare e \u00a0Kosoves \u2018Pjeter Bogdani\u2019 sot ka sh\u00ebnuar aktivitete t\u00eb shumta p\u00ebr nder t\u00eb 110 vjetorit t\u00eb Kongresit t\u00eb Manastirit me rastin e standarizimit t\u00eb gjuh\u00ebs shqipe q\u00eb njihet ndryshe edhe si Kongresi i alfabetit t\u00eb gjuh\u00ebs shqipe. P\u00ebr nder t\u00eb k\u00ebsaj dite \u2018Biblioteka Komb\u00ebtare e Kosov\u00ebs\u2019 ka organizuar \u00a0nj\u00eb s\u00ebr\u00eb aktivitetesh p\u00ebr dit\u00ebn e alfabetit shqip. Zyrtarja e botimeve\u00a0 n\u00eb Biblioteken e Kosov\u00ebs, Gresa Maliqi, n\u00eb nj\u00eb intervist\u00eb p\u00ebr Radio KFOR-in, tregoi p\u00ebr aktivitetet q\u00eb jan\u00eb organizuar p\u00ebr nder t\u00eb k\u00ebsaj dite:<\/p>\n<p>\u201c<em>Sot n\u00eb Bibliotek\u00ebn Komb\u00ebtare t\u00eb Kosov\u00ebs \u00ebsht\u00eb organizuar nj\u00eb veprimtari kulturore p\u00ebr nder t\u00eb 110 vjetorit t\u00eb kongresit t\u00eb manastirit me \u00e7\u2019rast \u00ebsht\u00eb organizuar konferenc<\/em>\u00eb<em>shkencore \u2018Lumo Skendo dhe themelimi i revist<\/em>\u00eb<em>s Diturija pastaj edhe ekspozita me koleksione t<\/em>\u00eb<em>bibliotek<\/em>\u00eb<em>s komb<\/em>\u00eb<em>tare q<\/em>\u00eb<em>jan<\/em>\u00eb<em>koleksione t<\/em>\u00eb<em>abetareve shqipe q<\/em>\u00eb\u00a0<em>nga viti 1906 deri n\u00eb vitin 2018. N\u00eb k\u00ebt\u00eb ekspozit\u00eb do t\u00eb keni mund\u00ebsi t\u00eb shihni edhe llojet e abetareve, tipografin\u00eb, autor\u00ebt e abetareve para se t\u00eb b<\/em>\u00eb<em>het promovim i autor\u00ebve dhe m\u00ebnyr\u00ebs se si jan\u00eb b\u00ebr\u00eb ilustrimet, tipografit\u00eb por edhe sfidat q\u00eb kan\u00eb kaluar p\u00ebr t\u00eb hapur shkoll\u00ebn e par\u00eb shqipe<\/em>\u201d, tregoi Gresa.<\/p>\n<p>Gresa p\u00ebr fund tregoi se ekspozita me prezantimin e abetareve do t\u00eb jet\u00eb e hapur p\u00ebr nj\u00eb jav\u00eb.<\/p>\n","protected":false},"excerpt":{"rendered":"<p>Biblioteka Komb\u00ebtare e \u00a0Kosoves \u2018Pjeter Bogdani\u2019 sot ka sh\u00ebnuar aktivitete t\u00eb shumta p\u00ebr nder t\u00eb 110 vjetorit t\u00eb Kongresit t\u00eb Manastirit me rastin e standarizimit t\u00eb gjuh\u00ebs shqipe q\u00eb njihet ndryshe edhe si Kongresi i alfabetit t\u00eb gjuh\u00ebs shqipe. P\u00ebr nder t\u00eb k\u00ebsaj dite \u2018Biblioteka Komb\u00ebtare e Kosov\u00ebs\u2019 ka organizuar \u00a0nj\u00eb s\u00ebr\u00eb aktivitetesh p\u00ebr dit\u00ebn&hellip;<\/p>\n","protected":false},"author":3,"featured_media":0,"comment_status":"closed","ping_status":"closed","sticky":false,"template":"","format":"standard","meta":{"_monsterinsights_skip_tracking":false,"_monsterinsights_sitenote_active":false,"_monsterinsights_sitenote_note":"","_monsterinsights_sitenote_category":0,"footnotes":""},"categories":[2],"tags":[],"class_list":["post-1198","post","type-post","status-publish","format-standard","hentry","category-news","category-2","description-off"],"_links":{"self":[{"href":"https:\/\/radiokfor.com\/1\/wp-json\/wp\/v2\/posts\/1198","targetHints":{"allow":["GET"]}}],"collection":[{"href":"https:\/\/radiokfor.com\/1\/wp-json\/wp\/v2\/posts"}],"about":[{"href":"https:\/\/radiokfor.com\/1\/wp-json\/wp\/v2\/types\/post"}],"author":[{"embeddable":true,"href":"https:\/\/radiokfor.com\/1\/wp-json\/wp\/v2\/users\/3"}],"replies":[{"embeddable":true,"href":"https:\/\/radiokfor.com\/1\/wp-json\/wp\/v2\/comments?post=1198"}],"version-history":[{"count":1,"href":"https:\/\/radiokfor.com\/1\/wp-json\/wp\/v2\/posts\/1198\/revisions"}],"predecessor-version":[{"id":1200,"href":"https:\/\/radiokfor.com\/1\/wp-json\/wp\/v2\/posts\/1198\/revisions\/1200"}],"wp:attachment":[{"href":"https:\/\/radiokfor.com\/1\/wp-json\/wp\/v2\/media?parent=1198"}],"wp:term":[{"taxonomy":"category","embeddable":true,"href":"https:\/\/radiokfor.com\/1\/wp-json\/wp\/v2\/categories?post=1198"},{"taxonomy":"post_tag","embeddable":true,"href":"https:\/\/radiokfor.com\/1\/wp-json\/wp\/v2\/tags?post=1198"}],"curies":[{"name":"wp","href":"https:\/\/api.w.org\/{rel}","templated":true}]}}