{"id":1195,"date":"2018-11-05T15:24:28","date_gmt":"2018-11-05T15:24:28","guid":{"rendered":"http:\/\/radiokfor.com\/1\/?p=1195"},"modified":"2018-11-05T15:24:28","modified_gmt":"2018-11-05T15:24:28","slug":"stina-shala-ne-americas-got-talent","status":"publish","type":"post","link":"https:\/\/radiokfor.com\/1\/stina-shala-ne-americas-got-talent\/","title":{"rendered":"Stina Shala n\u00eb \u201cAmerica&#8217;s Got Talent\u201d"},"content":{"rendered":"<p>P\u00ebrkufizimi i termit \u2018Talent\u2019, do t\u00eb thot\u00eb dhunti e aft\u00ebsi p\u00ebr t\u00eb realizuar di\u00e7ka n\u00eb m\u00ebnyr\u00eb t\u00eb p\u00ebrsosur e kreative, zot\u00ebsi q\u00eb e shquan nj\u00eb njeri n\u00eb nj\u00eb spekt\u00ebr t\u00eb caktuar. E k\u00ebt\u00eb dhunti padyshim q\u00eb e g\u00ebzon edhe 12\u00a0 vje\u00e7arja nga Prishtina, Stina Shala, t\u00eb cil\u00ebs fillimisht familjar\u00ebt ia spikat\u00ebn talentin p\u00ebr k\u00ebng\u00ebn dhe ajo tani po vazhdon me realizimin e \u00ebnd\u00ebrrave edhe m\u00eb t\u00eb m\u00ebdha.\u00a0 Stina tashm\u00eb ka kaluar faz\u00ebn e par\u00eb t\u00eb audicioneve n\u00eb \u201cAmerica\u2019s Got Talent\u201d, nd\u00ebrsa p\u00ebr emocionet e saja lidhur me pjes\u00ebmarrjen n\u00eb k\u00ebt\u00eb spektak\u00ebl t\u00eb njohur bot\u00ebrisht, p\u00ebr Radio KFOR-in foli vet Stina:<\/p>\n<p>\u201cJam shum\u00eb e lumtur q\u00eb kam nisur t\u00eb realizoj \u00ebnd\u00ebrr\u00ebn time, t\u00eb cil\u00ebn shpresoj ta plot\u00ebsoj at\u00eb deri n\u00eb fund. M\u00eb 2 n\u00ebntor i kam p\u00ebrfunduar me sukses audicionet, ku kam k\u00ebnduar k\u00ebng\u00ebt \u201cMama Knows Best\u201d dhe \u201c When I Was your Man\u201d. Jam n\u00eb ethe deri n\u00eb p\u00ebrgjigjen q\u00eb do ta marrim n\u00eb muajin shkurt, n\u00ebse do t\u00eb vazhdoj tutje spektaklin \u2018America\u2019s Got Talent\u2019, i cili \u00ebsht\u00eb i njohur bot\u00ebrisht\u201d, theksoi e emocionuar p\u00ebr Radio KFOR-in, Stina.<\/p>\n<p>Pas sukseseve t\u00eb shumta n\u00eb Kosov\u00eb, Shqip\u00ebri, Maqedoni e Itali, ku ajo ka rr\u00ebmbyer \u00e7mime t\u00eb shumta dhe \u00ebsht\u00eb vler\u00ebsuar nga juri p\u00ebrkat\u00ebse profesionale, ajo s\u00eb fundmi \u00ebsht\u00eb duke realizuar nj\u00eb \u00ebnd\u00ebrr edhe m\u00eb t\u00eb madhe. Radio KFOR-i, uron q\u00eb Stina Shala t\u00eb realizoj \u00ebndrr\u00ebn e saj p\u00ebr triumfim n\u00eb k\u00ebt\u00eb spektak\u00ebl garues t\u00eb talent\u00ebve t\u00eb rinj.<\/p>\n","protected":false},"excerpt":{"rendered":"<p>P\u00ebrkufizimi i termit \u2018Talent\u2019, do t\u00eb thot\u00eb dhunti e aft\u00ebsi p\u00ebr t\u00eb realizuar di\u00e7ka n\u00eb m\u00ebnyr\u00eb t\u00eb p\u00ebrsosur e kreative, zot\u00ebsi q\u00eb e shquan nj\u00eb njeri n\u00eb nj\u00eb spekt\u00ebr t\u00eb caktuar. E k\u00ebt\u00eb dhunti padyshim q\u00eb e g\u00ebzon edhe 12\u00a0 vje\u00e7arja nga Prishtina, Stina Shala, t\u00eb cil\u00ebs fillimisht familjar\u00ebt ia spikat\u00ebn talentin p\u00ebr k\u00ebng\u00ebn dhe&hellip;<\/p>\n","protected":false},"author":3,"featured_media":0,"comment_status":"closed","ping_status":"closed","sticky":false,"template":"","format":"standard","meta":{"_monsterinsights_skip_tracking":false,"_monsterinsights_sitenote_active":false,"_monsterinsights_sitenote_note":"","_monsterinsights_sitenote_category":0,"footnotes":""},"categories":[2],"tags":[],"class_list":["post-1195","post","type-post","status-publish","format-standard","hentry","category-news","category-2","description-off"],"_links":{"self":[{"href":"https:\/\/radiokfor.com\/1\/wp-json\/wp\/v2\/posts\/1195","targetHints":{"allow":["GET"]}}],"collection":[{"href":"https:\/\/radiokfor.com\/1\/wp-json\/wp\/v2\/posts"}],"about":[{"href":"https:\/\/radiokfor.com\/1\/wp-json\/wp\/v2\/types\/post"}],"author":[{"embeddable":true,"href":"https:\/\/radiokfor.com\/1\/wp-json\/wp\/v2\/users\/3"}],"replies":[{"embeddable":true,"href":"https:\/\/radiokfor.com\/1\/wp-json\/wp\/v2\/comments?post=1195"}],"version-history":[{"count":1,"href":"https:\/\/radiokfor.com\/1\/wp-json\/wp\/v2\/posts\/1195\/revisions"}],"predecessor-version":[{"id":1197,"href":"https:\/\/radiokfor.com\/1\/wp-json\/wp\/v2\/posts\/1195\/revisions\/1197"}],"wp:attachment":[{"href":"https:\/\/radiokfor.com\/1\/wp-json\/wp\/v2\/media?parent=1195"}],"wp:term":[{"taxonomy":"category","embeddable":true,"href":"https:\/\/radiokfor.com\/1\/wp-json\/wp\/v2\/categories?post=1195"},{"taxonomy":"post_tag","embeddable":true,"href":"https:\/\/radiokfor.com\/1\/wp-json\/wp\/v2\/tags?post=1195"}],"curies":[{"name":"wp","href":"https:\/\/api.w.org\/{rel}","templated":true}]}}