{"id":1183,"date":"2018-11-01T11:31:59","date_gmt":"2018-11-01T11:31:59","guid":{"rendered":"http:\/\/radiokfor.com\/1\/?p=1183"},"modified":"2018-11-01T11:31:59","modified_gmt":"2018-11-01T11:31:59","slug":"lansohet-projekti-perqendrohu-ne-ngasje","status":"publish","type":"post","link":"https:\/\/radiokfor.com\/1\/lansohet-projekti-perqendrohu-ne-ngasje\/","title":{"rendered":"Lansohet projekti \u201cP\u00ebrqendrohu n\u00eb Ngasje\u201d"},"content":{"rendered":"<p>Me q\u00ebllim t\u00eb reduktimit t\u00eb aksidenteve n\u00eb komunikacion, n\u00eb ve\u00e7anti t\u00eb atyre me pasoja fatale, Policia e Kosov\u00ebs, sot ka mbajtur nj\u00eb konferenc\u00eb, dedikuar gjendjes s\u00eb siguris\u00eb n\u00eb trafik, masave t\u00eb nd\u00ebrmarra, bashk\u00ebpunimit dhe bashk\u00ebrendimit t\u00eb aktiviteteve me akter\u00ebt tjer\u00eb si dhe lansimin e projektit sensibilizues t\u00eb titulluar \u201cP\u00ebrqendrohu n\u00eb ngasje\u201d.\u00a0N\u00eb nj\u00eb prononcim p\u00ebr Radio KFOR-in, Z\u00ebdh\u00ebn\u00ebsi i Policis\u00eb s\u00eb Kosov\u00ebs, Daut Hoxha na informoi m\u00eb detajisht n\u00eb lidhje me p\u00ebrmbajtjen e k\u00ebsaj konference, me theks t\u00eb ve\u00e7ant\u00eb p\u00ebr projektin \u201c\u201cP\u00ebrqendrohu n\u00eb ngasje\u201d:<\/p>\n<p><em>\u201cKy projekt, i cili parashihet t\u00eb lansohet sot, ka p\u00ebr q\u00ebllim vet\u00ebdij\u00ebsimin dhe bashk\u00ebrendimin e t\u00eb gjith\u00eb akter\u00ebve t\u00eb tjer\u00eb n\u00eb m\u00ebnyr\u00eb q\u00eb drejtuesit e automjeteve t\u00eb ken\u00eb parasysh q\u00eb gjat\u00eb vozitjes t\u00eb jen\u00eb t\u00eb sigurt, t\u00eb p\u00ebrqendrohen, t\u00eb shmangin p\u00ebrdorimin e telefonit, q\u00eb \u00ebsht\u00eb shkaktar kryesor i shp\u00ebrqendrimit t\u00eb tyre n\u00eb komunikacion \u201d<\/em>, theksoi Hoxha.<\/p>\n<p>N\u00eb k\u00ebt\u00eb konferenc\u00eb p\u00ebrve\u00e7 p\u00ebrfaq\u00ebsuesve t\u00eb Policis\u00eb s\u00eb Kosov\u00eb, kan\u00eb marr\u00eb pjes\u00eb\u00a0 edhe p\u00ebrfaq\u00ebsues nga Ministria e Infrastruktur\u00ebs, Federat\u00ebs s\u00eb Auto shkollave, AMRKS-s\u00eb dhe Kolegji Tempulli.<\/p>\n","protected":false},"excerpt":{"rendered":"<p>Me q\u00ebllim t\u00eb reduktimit t\u00eb aksidenteve n\u00eb komunikacion, n\u00eb ve\u00e7anti t\u00eb atyre me pasoja fatale, Policia e Kosov\u00ebs, sot ka mbajtur nj\u00eb konferenc\u00eb, dedikuar gjendjes s\u00eb siguris\u00eb n\u00eb trafik, masave t\u00eb nd\u00ebrmarra, bashk\u00ebpunimit dhe bashk\u00ebrendimit t\u00eb aktiviteteve me akter\u00ebt tjer\u00eb si dhe lansimin e projektit sensibilizues t\u00eb titulluar \u201cP\u00ebrqendrohu n\u00eb ngasje\u201d.\u00a0N\u00eb nj\u00eb prononcim p\u00ebr Radio&hellip;<\/p>\n","protected":false},"author":3,"featured_media":0,"comment_status":"closed","ping_status":"closed","sticky":false,"template":"","format":"standard","meta":{"_monsterinsights_skip_tracking":false,"_monsterinsights_sitenote_active":false,"_monsterinsights_sitenote_note":"","_monsterinsights_sitenote_category":0,"footnotes":""},"categories":[2],"tags":[],"class_list":["post-1183","post","type-post","status-publish","format-standard","hentry","category-news","category-2","description-off"],"_links":{"self":[{"href":"https:\/\/radiokfor.com\/1\/wp-json\/wp\/v2\/posts\/1183","targetHints":{"allow":["GET"]}}],"collection":[{"href":"https:\/\/radiokfor.com\/1\/wp-json\/wp\/v2\/posts"}],"about":[{"href":"https:\/\/radiokfor.com\/1\/wp-json\/wp\/v2\/types\/post"}],"author":[{"embeddable":true,"href":"https:\/\/radiokfor.com\/1\/wp-json\/wp\/v2\/users\/3"}],"replies":[{"embeddable":true,"href":"https:\/\/radiokfor.com\/1\/wp-json\/wp\/v2\/comments?post=1183"}],"version-history":[{"count":1,"href":"https:\/\/radiokfor.com\/1\/wp-json\/wp\/v2\/posts\/1183\/revisions"}],"predecessor-version":[{"id":1185,"href":"https:\/\/radiokfor.com\/1\/wp-json\/wp\/v2\/posts\/1183\/revisions\/1185"}],"wp:attachment":[{"href":"https:\/\/radiokfor.com\/1\/wp-json\/wp\/v2\/media?parent=1183"}],"wp:term":[{"taxonomy":"category","embeddable":true,"href":"https:\/\/radiokfor.com\/1\/wp-json\/wp\/v2\/categories?post=1183"},{"taxonomy":"post_tag","embeddable":true,"href":"https:\/\/radiokfor.com\/1\/wp-json\/wp\/v2\/tags?post=1183"}],"curies":[{"name":"wp","href":"https:\/\/api.w.org\/{rel}","templated":true}]}}