{"id":1180,"date":"2018-11-01T11:27:03","date_gmt":"2018-11-01T11:27:03","guid":{"rendered":"http:\/\/radiokfor.com\/1\/?p=1180"},"modified":"2018-11-01T11:27:03","modified_gmt":"2018-11-01T11:27:03","slug":"filmat-nga-kosova-ne-festivalin-e-frankofonise","status":"publish","type":"post","link":"https:\/\/radiokfor.com\/1\/filmat-nga-kosova-ne-festivalin-e-frankofonise\/","title":{"rendered":"Filmat nga Kosova n\u00eb festivalin e Frankofonis\u00eb"},"content":{"rendered":"<p>Edicioni i 18 -t\u00eb i Festivalit t\u00eb Filmit Frankofon n\u00eb Kosov\u00eb, do t\u00eb filloj nes\u00ebr (2.10.2018) n\u00eb Prishtin\u00eb nga ora 20:00 n\u00eb n\u00eb kin\u00ebman\u00eb \u2018Cineplexx\u2019, me shfaqjen e filmit \u2018Au Revoir l\u00e0 \u2013 haut\u2019, nga Albert Dupontel.<\/p>\n<p>Festivali organizohet n\u00eb bashk\u00ebpunim me p\u00ebrfaq\u00ebsit\u00eb diplomatike t\u00eb Zvicr\u00ebs, Belgjik\u00ebs dhe Luksemburgut, \u2018Aleanc\u00ebn Franceze t\u00eb Prishtin\u00ebs\u2019, \u2018Ministrin\u00eb e Pun\u00ebve t\u00eb Jashtme\u2019 si dhe \u2018Ministrin\u00eb e Kultur\u00ebs, Rinis\u00eb dhe Sportit t\u00eb Kosov\u00ebs\u2019.<\/p>\n<p>Atasheu p\u00ebr kultur\u00eb n\u00eb ambasad\u00ebn e Franc\u00ebs n\u00eb Kosov\u00eb, Valon Ibraj n\u00eb nj\u00eb intervist\u00eb p\u00ebr Radio KFOR-in, tregoi p\u00ebr organizimin e k\u00ebtij festivali:<\/p>\n<p>\u201c<em>Me rastin e avancimit t\u00eb statusit t\u00eb Kosov\u00ebs si an\u00ebtare e asocuar n\u00eb organizat\u00ebn nd\u00ebrkomb\u00ebtare t\u00eb Frankofonis\u00eb, risi p\u00ebr k\u00ebt\u00eb edicion do t\u00eb jen\u00eb kat\u00ebr filmat kosovar\u00eb, t\u00eb cil\u00ebt po korrin suksese t\u00eb m\u00ebdha gjithandej n\u00eb Festivale nd\u00ebrkomb\u00ebtare. Kjo u b\u00eb e mundur n\u00eb baz\u00eb t\u00eb bashk\u00ebpunimit n\u00eb mes t\u00eb Ambasad\u00ebs s\u00eb Franc\u00ebs n\u00eb Kosov\u00eb dhe Qendr\u00ebs Kinematografike t\u00eb Kosov\u00ebs. Me k\u00ebt\u00eb rast filmat kosovar\u00eb t\u00eb cil\u00ebt do t\u00eb shfaqen gjat\u00eb \u2018Festivalit t\u00eb Filmit Frankofon\u00eb\u2019, do t\u00eb p\u00ebrkthehen n\u00eb gjuh\u00ebn fr\u00ebnge dhe k\u00ebshtu do t\u00eb jen\u00eb gati t\u00eb prekin filmdash\u00ebsit anek\u00ebnd bot\u00ebs frankofone<\/em>\u201d, tregoi Ibraj.<\/p>\n<p>Festivali k\u00ebt\u00eb vit do shtrihet n\u00eb Prishtin\u00eb, Prizren, Pej\u00eb, Gra\u00e7anic\u00eb dhe Mitrovic\u00eb dhe do t\u00eb mbyllet m\u00eb 11 n\u00ebntor n\u00eb ora 19:00 n\u00eb KINO ARMATA, nd\u00ebrsa hyrja \u00ebsht\u00eb pa pages\u00eb p\u00ebr t\u00eb gjith\u00eb filmat.<\/p>\n","protected":false},"excerpt":{"rendered":"<p>Edicioni i 18 -t\u00eb i Festivalit t\u00eb Filmit Frankofon n\u00eb Kosov\u00eb, do t\u00eb filloj nes\u00ebr (2.10.2018) n\u00eb Prishtin\u00eb nga ora 20:00 n\u00eb n\u00eb kin\u00ebman\u00eb \u2018Cineplexx\u2019, me shfaqjen e filmit \u2018Au Revoir l\u00e0 \u2013 haut\u2019, nga Albert Dupontel. Festivali organizohet n\u00eb bashk\u00ebpunim me p\u00ebrfaq\u00ebsit\u00eb diplomatike t\u00eb Zvicr\u00ebs, Belgjik\u00ebs dhe Luksemburgut, \u2018Aleanc\u00ebn Franceze t\u00eb Prishtin\u00ebs\u2019, \u2018Ministrin\u00eb e&hellip;<\/p>\n","protected":false},"author":3,"featured_media":0,"comment_status":"closed","ping_status":"closed","sticky":false,"template":"","format":"standard","meta":{"_monsterinsights_skip_tracking":false,"_monsterinsights_sitenote_active":false,"_monsterinsights_sitenote_note":"","_monsterinsights_sitenote_category":0,"footnotes":""},"categories":[2],"tags":[],"class_list":["post-1180","post","type-post","status-publish","format-standard","hentry","category-news","category-2","description-off"],"_links":{"self":[{"href":"https:\/\/radiokfor.com\/1\/wp-json\/wp\/v2\/posts\/1180","targetHints":{"allow":["GET"]}}],"collection":[{"href":"https:\/\/radiokfor.com\/1\/wp-json\/wp\/v2\/posts"}],"about":[{"href":"https:\/\/radiokfor.com\/1\/wp-json\/wp\/v2\/types\/post"}],"author":[{"embeddable":true,"href":"https:\/\/radiokfor.com\/1\/wp-json\/wp\/v2\/users\/3"}],"replies":[{"embeddable":true,"href":"https:\/\/radiokfor.com\/1\/wp-json\/wp\/v2\/comments?post=1180"}],"version-history":[{"count":1,"href":"https:\/\/radiokfor.com\/1\/wp-json\/wp\/v2\/posts\/1180\/revisions"}],"predecessor-version":[{"id":1182,"href":"https:\/\/radiokfor.com\/1\/wp-json\/wp\/v2\/posts\/1180\/revisions\/1182"}],"wp:attachment":[{"href":"https:\/\/radiokfor.com\/1\/wp-json\/wp\/v2\/media?parent=1180"}],"wp:term":[{"taxonomy":"category","embeddable":true,"href":"https:\/\/radiokfor.com\/1\/wp-json\/wp\/v2\/categories?post=1180"},{"taxonomy":"post_tag","embeddable":true,"href":"https:\/\/radiokfor.com\/1\/wp-json\/wp\/v2\/tags?post=1180"}],"curies":[{"name":"wp","href":"https:\/\/api.w.org\/{rel}","templated":true}]}}