{"id":1171,"date":"2018-10-29T15:57:30","date_gmt":"2018-10-29T15:57:30","guid":{"rendered":"http:\/\/radiokfor.com\/1\/?p=1171"},"modified":"2018-10-29T15:57:30","modified_gmt":"2018-10-29T15:57:30","slug":"tako-punedhenesin-e-ardhshem-ne-panairin-e-punes-ne-prizren","status":"publish","type":"post","link":"https:\/\/radiokfor.com\/1\/tako-punedhenesin-e-ardhshem-ne-panairin-e-punes-ne-prizren\/","title":{"rendered":"Tako pun\u00ebdh\u00ebn\u00ebsin e ardhsh\u00ebm n\u00eb \u2018Panairin e Pun\u00ebs\u2019 n\u00eb Prizren"},"content":{"rendered":"<p>Prizreni do t\u00eb hap\u00eb \u2018Panairi i Pun\u00ebs\u2019, me dat\u00ebn 31 tetor 2018, n\u00eb qendr\u00ebn sportive \u2018Sezai Surroi\u2019, duke ia mund\u00ebsuar t\u00eb rinjve t\u00eb takohen me pun\u00ebdh\u00ebn\u00ebs t\u00eb mundsh\u00ebm dhe ti prezantojn\u00eb shkatht\u00ebsit\u00eb e tyre. Kompanit\u00eb pjes\u00ebmarr\u00ebse do t\u00eb paraqesin vendet e lira t\u00eb pun\u00ebs apo praktik\u00ebs n\u00eb pun\u00eb p\u00ebr pun\u00eb-k\u00ebrkuesit n\u00eb k\u00ebt\u00eb qytet. K\u00ebshilltarja p\u00ebr promovimin e pun\u00ebsimit t\u00eb t\u00eb rinjve n\u00eb k\u00ebt\u00eb projekt Vjosa Mullatahiri, n\u00eb nj\u00eb prononcim p\u00ebr Radio KFOR-in, tregoi se ky projekt ka p\u00ebr q\u00ebllim t\u00eb lidh\u00eb pun\u00eb-k\u00ebrkuesit e rinj me biznese q\u00eb k\u00ebrkojn\u00eb fuqi pun\u00ebtore:<\/p>\n<p>\u201c<em>N\u00eb kuad\u00ebr t\u00eb projektit t\u00eb \u2018GIZ\u2019-it i cili quhet \u2018Rinia, Pun\u00ebsimi dhe Aft\u00ebsimi\u2019, \u00ebsht\u00eb nj\u00eb aktivitet q\u00eb organizata n\u00eb bashk\u00ebpunim me \u2018Ministrin\u00eb e Pun\u00ebs dhe Mir\u00ebqenies Sociale\u2019, \u2018Agjensin\u00eb e Pun\u00ebsimit t\u00eb Kosov\u00ebs\u2019, Komun\u00ebn e Prizrenit si dhe organe t\u00eb tjera, kemi organizuar \u2018Panairin e Pun\u00ebs\u2019, ku kompani dhe organizata q\u00eb kan\u00eb pozita t\u00eb pun\u00ebs dhe t\u00eb rinjt\u00eb q\u00eb i plot\u00ebsojn\u00eb kriteret do t\u00eb ken\u00eb mund\u00ebsi t\u00eb takohen me pun\u00ebdh\u00ebn\u00ebs t\u00eb ardhsh\u00ebm\u201d.<\/em><\/p>\n<p>N\u00eb k\u00ebt\u00eb panair, do t\u00eb marrin pjes\u00eb gjithsej 40 kompani q\u00eb do t\u00eb shpallin 700 pozita t\u00eb reja t\u00eb pun\u00ebs n\u00eb fusha t\u00eb ndryshme.<\/p>\n","protected":false},"excerpt":{"rendered":"<p>Prizreni do t\u00eb hap\u00eb \u2018Panairi i Pun\u00ebs\u2019, me dat\u00ebn 31 tetor 2018, n\u00eb qendr\u00ebn sportive \u2018Sezai Surroi\u2019, duke ia mund\u00ebsuar t\u00eb rinjve t\u00eb takohen me pun\u00ebdh\u00ebn\u00ebs t\u00eb mundsh\u00ebm dhe ti prezantojn\u00eb shkatht\u00ebsit\u00eb e tyre. Kompanit\u00eb pjes\u00ebmarr\u00ebse do t\u00eb paraqesin vendet e lira t\u00eb pun\u00ebs apo praktik\u00ebs n\u00eb pun\u00eb p\u00ebr pun\u00eb-k\u00ebrkuesit n\u00eb k\u00ebt\u00eb qytet. K\u00ebshilltarja p\u00ebr&hellip;<\/p>\n","protected":false},"author":3,"featured_media":0,"comment_status":"closed","ping_status":"closed","sticky":false,"template":"","format":"standard","meta":{"_monsterinsights_skip_tracking":false,"_monsterinsights_sitenote_active":false,"_monsterinsights_sitenote_note":"","_monsterinsights_sitenote_category":0,"footnotes":""},"categories":[2],"tags":[],"class_list":["post-1171","post","type-post","status-publish","format-standard","hentry","category-news","category-2","description-off"],"_links":{"self":[{"href":"https:\/\/radiokfor.com\/1\/wp-json\/wp\/v2\/posts\/1171","targetHints":{"allow":["GET"]}}],"collection":[{"href":"https:\/\/radiokfor.com\/1\/wp-json\/wp\/v2\/posts"}],"about":[{"href":"https:\/\/radiokfor.com\/1\/wp-json\/wp\/v2\/types\/post"}],"author":[{"embeddable":true,"href":"https:\/\/radiokfor.com\/1\/wp-json\/wp\/v2\/users\/3"}],"replies":[{"embeddable":true,"href":"https:\/\/radiokfor.com\/1\/wp-json\/wp\/v2\/comments?post=1171"}],"version-history":[{"count":1,"href":"https:\/\/radiokfor.com\/1\/wp-json\/wp\/v2\/posts\/1171\/revisions"}],"predecessor-version":[{"id":1173,"href":"https:\/\/radiokfor.com\/1\/wp-json\/wp\/v2\/posts\/1171\/revisions\/1173"}],"wp:attachment":[{"href":"https:\/\/radiokfor.com\/1\/wp-json\/wp\/v2\/media?parent=1171"}],"wp:term":[{"taxonomy":"category","embeddable":true,"href":"https:\/\/radiokfor.com\/1\/wp-json\/wp\/v2\/categories?post=1171"},{"taxonomy":"post_tag","embeddable":true,"href":"https:\/\/radiokfor.com\/1\/wp-json\/wp\/v2\/tags?post=1171"}],"curies":[{"name":"wp","href":"https:\/\/api.w.org\/{rel}","templated":true}]}}