{"id":1156,"date":"2018-10-29T13:07:11","date_gmt":"2018-10-29T13:07:11","guid":{"rendered":"http:\/\/radiokfor.com\/1\/?p=1156"},"modified":"2018-10-29T13:07:11","modified_gmt":"2018-10-29T13:07:11","slug":"vazhdojne-aktivitetet-dhuna-nuk-arsyetohet","status":"publish","type":"post","link":"https:\/\/radiokfor.com\/1\/vazhdojne-aktivitetet-dhuna-nuk-arsyetohet\/","title":{"rendered":"Vazhdojn\u00eb aktivitetet \u201cDhuna nuk arsyetohet\u201d"},"content":{"rendered":"<p>M\u00eb 23 tetor n\u00eb Prishtin\u00eb filloi fushata \u201cDhuna nuk arsyetohet\u201d, e organizuar nga Sektori p\u00ebr Parandalimin e Dhun\u00ebs n\u00eb Familje n\u00eb Drejtorin\u00eb\u00a0 e Policis\u00eb n\u00eb Bashk\u00ebsi dhe Preventiv\u00eb, e mb\u00ebshtetur nga OSBE-ja.<\/p>\n<p>Fushata n\u00eb fjal\u00eb realizohet n\u00eb qiell t\u00eb hapur n\u00eb\u00a0 tet\u00eb rajone t\u00eb Policis\u00eb, si n\u00eb: Prishtin\u00eb, Gjakov\u00eb, Gjilan, Prizren, Pej\u00eb, Ferizaj si dhe n\u00eb Mitrovic\u00eb n\u00eb Jug dhe Veri.<\/p>\n<p>E pik\u00ebrisht sot kjo fushat\u00eb organizohet n\u00eb Mitrovic\u00eb, tek Sheshi \u2018Meh\u00eb Uka\u2019, me po t\u00eb nj\u00ebjtin q\u00ebllim, \u00a0parandalimin,\u00a0 vet\u00ebdijesimin si dhe nd\u00ebrgjegj\u00ebsimin\u00a0 p\u00ebr dhun\u00ebn n\u00eb familje.<\/p>\n<p>Pik\u00ebrisht p\u00ebr k\u00ebt\u00eb fushat\u00eb, dit\u00eb m\u00eb par\u00eb ekipi i Radio KFOR-it intervistoi Kapitenen, Tahire Haxholli, udh\u00ebheq\u00ebse e Sektorit p\u00ebr Parandalimin e Dhun\u00ebs n\u00eb Familje si dhe Keqtrajtimin e F\u00ebmij\u00ebve, n\u00eb nivel t\u00eb Kosov\u00ebs, e cila pati nj\u00eb porosi p\u00ebr t\u00eb gjith\u00eb d\u00ebgjuesit e Radio KFOR-it:\u00a0<em>\u201cT\u00eb gjith\u00eb ata q\u00eb kan\u00eb njoftim edhe nx\u00ebn\u00ebsit, edhe arsimtar\u00ebt, edhe pun\u00ebtor\u00ebt sh\u00ebndet\u00ebsor\u00eb, t\u00eb gjith\u00eb duhet t\u00eb raportojn\u00eb kur kan\u00eb njohuri p\u00ebr dhun\u00ebn, duhet ta raportojn\u00eb n\u00eb Polici, n\u00eb Prokurori apo n\u00eb ndonj\u00eb institucion tjet\u00ebr relevant. T\u00eb gjitha k\u00ebto institucione ju ofrojn\u00eb mbrojtje dhe siguri viktimave e po ashtu edhe d\u00ebshmitar\u00ebve dhe gjith\u00eb personave t\u00eb tjer\u00eb.\u201d<\/em><\/p>\n","protected":false},"excerpt":{"rendered":"<p>M\u00eb 23 tetor n\u00eb Prishtin\u00eb filloi fushata \u201cDhuna nuk arsyetohet\u201d, e organizuar nga Sektori p\u00ebr Parandalimin e Dhun\u00ebs n\u00eb Familje n\u00eb Drejtorin\u00eb\u00a0 e Policis\u00eb n\u00eb Bashk\u00ebsi dhe Preventiv\u00eb, e mb\u00ebshtetur nga OSBE-ja. Fushata n\u00eb fjal\u00eb realizohet n\u00eb qiell t\u00eb hapur n\u00eb\u00a0 tet\u00eb rajone t\u00eb Policis\u00eb, si n\u00eb: Prishtin\u00eb, Gjakov\u00eb, Gjilan, Prizren, Pej\u00eb, Ferizaj si dhe&hellip;<\/p>\n","protected":false},"author":3,"featured_media":0,"comment_status":"closed","ping_status":"closed","sticky":false,"template":"","format":"standard","meta":{"_monsterinsights_skip_tracking":false,"_monsterinsights_sitenote_active":false,"_monsterinsights_sitenote_note":"","_monsterinsights_sitenote_category":0,"footnotes":""},"categories":[2],"tags":[],"class_list":["post-1156","post","type-post","status-publish","format-standard","hentry","category-news","category-2","description-off"],"_links":{"self":[{"href":"https:\/\/radiokfor.com\/1\/wp-json\/wp\/v2\/posts\/1156","targetHints":{"allow":["GET"]}}],"collection":[{"href":"https:\/\/radiokfor.com\/1\/wp-json\/wp\/v2\/posts"}],"about":[{"href":"https:\/\/radiokfor.com\/1\/wp-json\/wp\/v2\/types\/post"}],"author":[{"embeddable":true,"href":"https:\/\/radiokfor.com\/1\/wp-json\/wp\/v2\/users\/3"}],"replies":[{"embeddable":true,"href":"https:\/\/radiokfor.com\/1\/wp-json\/wp\/v2\/comments?post=1156"}],"version-history":[{"count":1,"href":"https:\/\/radiokfor.com\/1\/wp-json\/wp\/v2\/posts\/1156\/revisions"}],"predecessor-version":[{"id":1158,"href":"https:\/\/radiokfor.com\/1\/wp-json\/wp\/v2\/posts\/1156\/revisions\/1158"}],"wp:attachment":[{"href":"https:\/\/radiokfor.com\/1\/wp-json\/wp\/v2\/media?parent=1156"}],"wp:term":[{"taxonomy":"category","embeddable":true,"href":"https:\/\/radiokfor.com\/1\/wp-json\/wp\/v2\/categories?post=1156"},{"taxonomy":"post_tag","embeddable":true,"href":"https:\/\/radiokfor.com\/1\/wp-json\/wp\/v2\/tags?post=1156"}],"curies":[{"name":"wp","href":"https:\/\/api.w.org\/{rel}","templated":true}]}}