{"id":1152,"date":"2018-10-26T11:10:29","date_gmt":"2018-10-26T11:10:29","guid":{"rendered":"http:\/\/radiokfor.com\/1\/?p=1152"},"modified":"2018-10-26T11:10:29","modified_gmt":"2018-10-26T11:10:29","slug":"ligjerate-per-ndergjegjesimin-kunder-kancerit-te-gjirit","status":"publish","type":"post","link":"https:\/\/radiokfor.com\/1\/ligjerate-per-ndergjegjesimin-kunder-kancerit-te-gjirit\/","title":{"rendered":"Ligjerat\u00eb p\u00ebr nd\u00ebrgjegj\u00ebsimin kund\u00ebr kancerit t\u00eb gjirit"},"content":{"rendered":"<p>N\u00eb vazhd\u00ebn e aktiviteteve t\u00eb nj\u00ebpasnj\u00ebshme q\u00eb po organizohen gjat\u00eb muajit t\u00eb luft\u00ebs kund\u00ebr kancerit t\u00eb gjirit, nes\u00ebr (27.10.2018) n\u00eb Qendr\u00ebn e Kultur\u00ebs n\u00eb Ferizaj, do t\u00eb mbahet nj\u00eb ligjerat\u00eb p\u00ebr nd\u00ebrgjegj\u00ebsimin e popullat\u00ebs rreth k\u00ebsaj s\u00ebmundjeje.<br \/>\nLigj\u00ebrues do t\u00eb jen\u00eb: mjeku obstet\u00ebr- gjinekologu Dardan Baftiu dhe nutricionistja e njohur Diola Dosti Baftiu, nd\u00ebrsa rreth p\u00ebrmbajtjes s\u00eb k\u00ebsaj ligj\u00ebrate, Radio KFOR-i m\u00ebsoi m\u00eb shum\u00eb detaje nga vet nutricionistja, Diola Doli Baftiu:<\/p>\n<p><em>\u201cKjo \u00ebsht\u00eb hera e dyt\u00eb q\u00eb mbaj ligjerat\u00eb t\u00eb till\u00eb n\u00eb qytetin e Ferizajt, vet\u00ebm e vet\u00ebm q\u00eb vajzat dhe grat\u00eb tona t\u2019i pajisim me sa m\u00eb shum\u00eb informacione rreth k\u00ebsaj s\u00ebmundjeje q\u00eb ka kapluar gjith\u00eb bot\u00ebn e padyshim edhe Kosov\u00ebn. Do t\u00eb flasim p\u00ebr shkaqet e k\u00ebsaj s\u00ebmunjdeje, me theks t\u00eb ve\u00e7ant\u00eb p\u00ebr zingjirin kancer-ushqimeve, q\u00eb lidhen ngusht\u00eb nj\u00ebra me tjetr\u00ebn.\u201d<\/em><\/p>\n<p>Vlen theksuar se ligj\u00ebratat jan\u00eb falas dhe dyert jan\u00eb t\u00eb hapura p\u00ebr t\u00eb gjith\u00eb t\u00eb interesuarit q\u00eb d\u00ebshirojn\u00eb t\u00eb p\u00ebrfitojn\u00eb m\u00eb shum\u00eb njohuri p\u00ebr k\u00ebt\u00eb \u00e7\u00ebshtje.<\/p>\n","protected":false},"excerpt":{"rendered":"<p>N\u00eb vazhd\u00ebn e aktiviteteve t\u00eb nj\u00ebpasnj\u00ebshme q\u00eb po organizohen gjat\u00eb muajit t\u00eb luft\u00ebs kund\u00ebr kancerit t\u00eb gjirit, nes\u00ebr (27.10.2018) n\u00eb Qendr\u00ebn e Kultur\u00ebs n\u00eb Ferizaj, do t\u00eb mbahet nj\u00eb ligjerat\u00eb p\u00ebr nd\u00ebrgjegj\u00ebsimin e popullat\u00ebs rreth k\u00ebsaj s\u00ebmundjeje. Ligj\u00ebrues do t\u00eb jen\u00eb: mjeku obstet\u00ebr- gjinekologu Dardan Baftiu dhe nutricionistja e njohur Diola Dosti Baftiu, nd\u00ebrsa rreth&hellip;<\/p>\n","protected":false},"author":3,"featured_media":0,"comment_status":"closed","ping_status":"closed","sticky":false,"template":"","format":"standard","meta":{"_monsterinsights_skip_tracking":false,"_monsterinsights_sitenote_active":false,"_monsterinsights_sitenote_note":"","_monsterinsights_sitenote_category":0,"footnotes":""},"categories":[2],"tags":[],"class_list":["post-1152","post","type-post","status-publish","format-standard","hentry","category-news","category-2","description-off"],"_links":{"self":[{"href":"https:\/\/radiokfor.com\/1\/wp-json\/wp\/v2\/posts\/1152","targetHints":{"allow":["GET"]}}],"collection":[{"href":"https:\/\/radiokfor.com\/1\/wp-json\/wp\/v2\/posts"}],"about":[{"href":"https:\/\/radiokfor.com\/1\/wp-json\/wp\/v2\/types\/post"}],"author":[{"embeddable":true,"href":"https:\/\/radiokfor.com\/1\/wp-json\/wp\/v2\/users\/3"}],"replies":[{"embeddable":true,"href":"https:\/\/radiokfor.com\/1\/wp-json\/wp\/v2\/comments?post=1152"}],"version-history":[{"count":1,"href":"https:\/\/radiokfor.com\/1\/wp-json\/wp\/v2\/posts\/1152\/revisions"}],"predecessor-version":[{"id":1154,"href":"https:\/\/radiokfor.com\/1\/wp-json\/wp\/v2\/posts\/1152\/revisions\/1154"}],"wp:attachment":[{"href":"https:\/\/radiokfor.com\/1\/wp-json\/wp\/v2\/media?parent=1152"}],"wp:term":[{"taxonomy":"category","embeddable":true,"href":"https:\/\/radiokfor.com\/1\/wp-json\/wp\/v2\/categories?post=1152"},{"taxonomy":"post_tag","embeddable":true,"href":"https:\/\/radiokfor.com\/1\/wp-json\/wp\/v2\/tags?post=1152"}],"curies":[{"name":"wp","href":"https:\/\/api.w.org\/{rel}","templated":true}]}}