{"id":1015,"date":"2018-10-16T09:23:50","date_gmt":"2018-10-16T09:23:50","guid":{"rendered":"http:\/\/radiokfor.com\/1\/?p=1015"},"modified":"2018-10-16T09:23:50","modified_gmt":"2018-10-16T09:23:50","slug":"kosova-kamerfest-2018-sjell-tinguj-te-muzikes-klasike","status":"publish","type":"post","link":"https:\/\/radiokfor.com\/1\/kosova-kamerfest-2018-sjell-tinguj-te-muzikes-klasike\/","title":{"rendered":"\u2018Kosova Kamerfest 2018\u2019 sjell tinguj t\u00eb muzik\u00ebs klasike"},"content":{"rendered":"<p>Adhuruesit e muzik\u00ebs kamertale do t\u00eb ken\u00eb mund\u00ebsi t\u00eb shijojn\u00eb tinguj t\u00eb muzik\u00ebs klasike n\u00eb edicionin e 19-t\u00eb t\u00eb festivalit nd\u00ebrkomb\u00ebtar t\u00eb muzik\u00ebs kamertale \u2018Kosova Kamerfest 2018\u2019, q\u00eb do t\u00eb filloj me 20 tetor, n\u00eb Prishtin\u00eb.<br \/>\nKoordinatori i k\u00ebtij festivali Taulant Rruci, p\u00ebr Radio KFOR-in tregoi p\u00ebr pjes\u00ebmarr\u00ebsit dhe befasit\u00eb q\u00eb do t\u00eb sjell ky festival:<\/p>\n<p>\u201c<em>Do t\u00eb mbahen 13 mbr\u00ebmje koncertale me program t\u00eb larmish\u00ebm kamertal. K\u00ebt\u00eb vit p\u00ebrpos artist\u00ebve si &#8220;shtyll\u00eb&#8221; e festivalit, do t\u00eb jen\u00eb edhe emra eminent t\u00eb artit shqiptar. Hapesir\u00eb t\u00eb ve\u00e7ant\u00eb n\u00eb festival do t\u00eb ken\u00eb edhe artist\u00ebt e rinj,\u00a0 laureatet e garave \u2018Arskosova 2018\u2019, Ansambli i violinist\u00ebve \u2018ArsKosova\u2019 dhe ansambli i klarinetist\u00ebve t\u00eb UP-s\u00eb. Emrat e rinj pjesmarr\u00ebs n\u00eb k\u00ebt\u00eb festival do t\u00eb jen\u00eb :Rudens Turku, Pierre L, Raffaele B, Vlorent Xh, Maurizio Baglini, Merita R , Klevis Gj dhe artist\u00eb t\u00eb tjer\u00eb. Gjithashtu disa prej artist\u00ebve dhe profesor\u00ebve do t\u00eb mbajn\u00eb edhe masterklasa p\u00ebr student\u00ebt dhe nxen\u00ebsit e instrumenteve p\u00ebrkat\u00ebse<\/em>\u201d, tregoi Taulanti.<\/p>\n<p>N\u00eb k\u00ebt\u00eb festival do t\u00eb mbahen gjithsej 13 koncerte n\u00eb dy lokacione t\u00eb ndryshme n\u00eb Amfiteatrin e Bibliotek\u00ebs Universitare dhe n\u00eb sall\u00ebn e kuqe t\u00eb Pallatit t\u00eb Rinis\u00eb, duke filluar nga ora 20:00 dhe do t\u00eb zgjas\u00eb deri me dat\u00ebn 2 N\u00ebntor t\u00eb k\u00ebtij viti.<\/p>\n","protected":false},"excerpt":{"rendered":"<p>Adhuruesit e muzik\u00ebs kamertale do t\u00eb ken\u00eb mund\u00ebsi t\u00eb shijojn\u00eb tinguj t\u00eb muzik\u00ebs klasike n\u00eb edicionin e 19-t\u00eb t\u00eb festivalit nd\u00ebrkomb\u00ebtar t\u00eb muzik\u00ebs kamertale \u2018Kosova Kamerfest 2018\u2019, q\u00eb do t\u00eb filloj me 20 tetor, n\u00eb Prishtin\u00eb. Koordinatori i k\u00ebtij festivali Taulant Rruci, p\u00ebr Radio KFOR-in tregoi p\u00ebr pjes\u00ebmarr\u00ebsit dhe befasit\u00eb q\u00eb do t\u00eb sjell ky&hellip;<\/p>\n","protected":false},"author":3,"featured_media":0,"comment_status":"closed","ping_status":"closed","sticky":false,"template":"","format":"standard","meta":{"_monsterinsights_skip_tracking":false,"_monsterinsights_sitenote_active":false,"_monsterinsights_sitenote_note":"","_monsterinsights_sitenote_category":0,"footnotes":""},"categories":[2],"tags":[],"class_list":["post-1015","post","type-post","status-publish","format-standard","hentry","category-news","category-2","description-off"],"_links":{"self":[{"href":"https:\/\/radiokfor.com\/1\/wp-json\/wp\/v2\/posts\/1015","targetHints":{"allow":["GET"]}}],"collection":[{"href":"https:\/\/radiokfor.com\/1\/wp-json\/wp\/v2\/posts"}],"about":[{"href":"https:\/\/radiokfor.com\/1\/wp-json\/wp\/v2\/types\/post"}],"author":[{"embeddable":true,"href":"https:\/\/radiokfor.com\/1\/wp-json\/wp\/v2\/users\/3"}],"replies":[{"embeddable":true,"href":"https:\/\/radiokfor.com\/1\/wp-json\/wp\/v2\/comments?post=1015"}],"version-history":[{"count":1,"href":"https:\/\/radiokfor.com\/1\/wp-json\/wp\/v2\/posts\/1015\/revisions"}],"predecessor-version":[{"id":1017,"href":"https:\/\/radiokfor.com\/1\/wp-json\/wp\/v2\/posts\/1015\/revisions\/1017"}],"wp:attachment":[{"href":"https:\/\/radiokfor.com\/1\/wp-json\/wp\/v2\/media?parent=1015"}],"wp:term":[{"taxonomy":"category","embeddable":true,"href":"https:\/\/radiokfor.com\/1\/wp-json\/wp\/v2\/categories?post=1015"},{"taxonomy":"post_tag","embeddable":true,"href":"https:\/\/radiokfor.com\/1\/wp-json\/wp\/v2\/tags?post=1015"}],"curies":[{"name":"wp","href":"https:\/\/api.w.org\/{rel}","templated":true}]}}